{"id":25410,"date":"2016-12-21T13:29:00","date_gmt":"2016-12-21T15:29:00","guid":{"rendered":"https:\/\/isiinfinity.com.br\/o-futuro-cria-o-presente\/"},"modified":"2016-12-21T13:29:00","modified_gmt":"2016-12-21T15:29:00","slug":"o-futuro-cria-o-presente","status":"publish","type":"post","link":"https:\/\/isiinfinity.com.br\/artigos\/o-futuro-cria-o-presente\/","title":{"rendered":"O FUTURO CRIA O PRESENTE"},"content":{"rendered":"\n<p style=\"text-align: justify;\">Falamos muito de mudan\u00e7as, queremos mudar. Para isso aprendemos, fazemos cursos, lemos livros, assistimos a palestras e v\u00eddeos. E o que fazemos com tudo isso? Quanto realmente aprendemos, mudamos ou evolu\u00edmos conscientemente para alcan\u00e7ar nosso estado desejado?<\/p>\n\n<blockquote>\n<p style=\"text-align: justify;\">Nessa jornada rumo ao futuro observamos que muitas mudan\u00e7as ocorrem em v\u00e1rios cen\u00e1rios como o social, o econ\u00f4mico, o pol\u00edtico, e o tecnol\u00f3gico, mas a principal delas ocorre dentro de cada um de n\u00f3s.<\/p>\n<\/blockquote>\n<h2 style=\"text-align: justify;\">Sobrevive quem se Adapta \u00e0 Mudan\u00e7a<\/h2>\n<p style=\"text-align: justify;\">Sabemos que tudo se transforma, nossa \u00fanica certeza \u00e9 a mudan\u00e7a. Para entrarmos nesse campo do futuro, \u00e9 necess\u00e1rio aceit\u00e1-la e assumi-la como parte integrante da vida. <strong>Charles Darwin<\/strong> constatou em suas pesquisas que n\u00e3o sobrevive a esp\u00e9cie mais forte, mas aquela que se adapta \u00e0 mudan\u00e7a. Nesse sentido, o grande pesquisador de gest\u00e3o e neg\u00f3cios <strong>Dave Ulrich<\/strong> afirma que \u201c<em>ou voc\u00ea muda ou voc\u00ea morre<\/em>\u201d. E a mudan\u00e7a come\u00e7a agora, dentro de cada um de n\u00f3s, em nossos pensamentos.<\/p>\n\n<h2 style=\"text-align: justify;\">O Eu de Agora e o Eu do Futuro<\/h2>\n<p style=\"text-align: justify;\">O amanh\u00e3 que parece t\u00e3o distante, o futuro que muitas pessoas t\u00eam dificuldade em enxergar, ocorre no aqui e agora, nesse momento. Aquela velha pergunta \u201c<em>o que voc\u00ea quer ser quando crescer?<\/em>\u201d n\u00e3o deveria ser feita somente \u00e0s crian\u00e7as, ela deve ser feita a n\u00f3s mesmos o tempo. Moldamos hoje o que seremos amanh\u00e3. Nosso futuro \u00e9 agora. Seu eu de hoje quer apagar a tatuagem que o seu eu mais jovem fez. Seu peso de hoje \u00e9 consequ\u00eancia dos abusos do seu eu de ontem. Portanto, seu eu de hoje \u00e9 o prot\u00f3tipo do seu eu de amanh\u00e3. O que voc\u00ea faz hoje provoca uma rea\u00e7\u00e3o futura. E qual o resultado que gostaria de obter?<\/p>\n<p style=\"text-align: justify;\">Nosso maior desafio nessa viagem rumo ao futuro \u00e9 compreendermos a mudan\u00e7a, aprendermos a antever o futuro, planej\u00e1-lo de forma consciente e com esperan\u00e7a (mesmo que a crise nos mostre um cen\u00e1rio sombrio) para finalmente, colocar em pr\u00e1tica.<\/p>\n<p style=\"text-align: justify;\">Sei que n\u00e3o \u00e9 f\u00e1cil, especialmente quando temos que levantar da cama todas as manh\u00e3s e procurar por um novo emprego, buscar novos clientes ou at\u00e9 mesmo fazer um tratamento m\u00e9dico justamente quando imagin\u00e1vamos e esper\u00e1vamos que estivesse tudo acertado em nossas vidas.<\/p>\n\n<h2 style=\"text-align: justify;\">O Futuro Cria o Presente<\/h2>\n<p style=\"text-align: justify;\">O futuro acontece agora. Ele cria o presente. Existe uma rela\u00e7\u00e3o circular entre ambos. Explico por meio do meu pr\u00f3prio exemplo. Antes de entrar em um treinamento, fecho os olhos por alguns instantes e em seguida dedico-me a fazer o meu melhor trabalho, dou o melhor de mim. Ao mentalizar o treinamento que ocorrer\u00e1, fa\u00e7o uma r\u00e1pida viagem ao futuro, criando uma profecia autorrealiz\u00e1vel. Essa imagem mental do do meu estado desejado exerce uma poderosa influ\u00eancia sobre mim, sobre minhas a\u00e7\u00f5es, minhas palavras e meu corpo. E o resultado \u00e9 um excelente trabalho. Quando projeto a imagem do futuro, mudo meu presente. Mudando o futuro o presente me acompanhar\u00e1 para que aquele se torne realidade. Por isso, seja generoso com o eu do futuro.<\/p>\n<p style=\"text-align: justify;\">Em um mundo de respostas t\u00e3o r\u00e1pidas e urgentes n\u00e3o falamos somente de administrar ou lidar com a mudan\u00e7a, mas sim promove-la rapidamente para que, na mesma velocidade, possamos avan\u00e7ar na dire\u00e7\u00e3o desej\u00e1vel.<\/p>\n\n<h6 style=\"text-align: justify;\">Ao pensar no futuro, pense no hoje, o seu comportamento atual o aproxima ou o distancia do estado desejado? O que vai dizer, fazer, conquistar, comer ou comprar hoje \u00e9 necess\u00e1rio e importante para o seu eu do futuro? Ou vai somente suprir um desejo, uma paix\u00e3o imediata?<\/h6>\n<p style=\"text-align: justify;\">Ao conectarmos com a fonte mais profunda de n\u00f3s mesmos, encontraremos as for\u00e7as necess\u00e1rias para avan\u00e7armos em dire\u00e7\u00e3o ao futuro que emerge, cristalizando os nossos objetivos. A viagem para o futuro \u00e9 muito maior que aquela promovida pelo calend\u00e1rio. \u00c9 muito mais interior do que exterior, \u00e9 \u00fanica e somente sua.<\/p>\n","protected":false},"excerpt":{"rendered":"<p>Falamos muito de mudan\u00e7as, queremos mudar. Para isso aprendemos, fazemos cursos, lemos livros, assistimos a palestras e v\u00eddeos. E o que fazemos com tudo isso? Quanto realmente aprendemos, mudamos ou evolu\u00edmos conscientemente para alcan\u00e7ar nosso estado desejado? Nessa jornada rumo ao futuro observamos que muitas mudan\u00e7as ocorrem em v\u00e1rios cen\u00e1rios como o social, o econ\u00f4mico, [&hellip;]<\/p>\n","protected":false},"author":3,"featured_media":25411,"comment_status":"open","ping_status":"open","sticky":false,"template":"","format":"standard","meta":{"footnotes":""},"categories":[35,19,26,141],"tags":[206,64,195,207,208],"class_list":["post-25410","post","type-post","status-publish","format-standard","has-post-thumbnail","hentry","category-autorealizacao-e-sucesso","category-comportamento","category-lideranca","category-mudanca-e-transformacao","tag-charles-darwin","tag-dave-ulrich","tag-futuro","tag-mudancas","tag-presente"],"_links":{"self":[{"href":"https:\/\/isiinfinity.com.br\/artigos\/wp-json\/wp\/v2\/posts\/25410","targetHints":{"allow":["GET"]}}],"collection":[{"href":"https:\/\/isiinfinity.com.br\/artigos\/wp-json\/wp\/v2\/posts"}],"about":[{"href":"https:\/\/isiinfinity.com.br\/artigos\/wp-json\/wp\/v2\/types\/post"}],"author":[{"embeddable":true,"href":"https:\/\/isiinfinity.com.br\/artigos\/wp-json\/wp\/v2\/users\/3"}],"replies":[{"embeddable":true,"href":"https:\/\/isiinfinity.com.br\/artigos\/wp-json\/wp\/v2\/comments?post=25410"}],"version-history":[{"count":0,"href":"https:\/\/isiinfinity.com.br\/artigos\/wp-json\/wp\/v2\/posts\/25410\/revisions"}],"wp:featuredmedia":[{"embeddable":true,"href":"https:\/\/isiinfinity.com.br\/artigos\/wp-json\/wp\/v2\/media\/25411"}],"wp:attachment":[{"href":"https:\/\/isiinfinity.com.br\/artigos\/wp-json\/wp\/v2\/media?parent=25410"}],"wp:term":[{"taxonomy":"category","embeddable":true,"href":"https:\/\/isiinfinity.com.br\/artigos\/wp-json\/wp\/v2\/categories?post=25410"},{"taxonomy":"post_tag","embeddable":true,"href":"https:\/\/isiinfinity.com.br\/artigos\/wp-json\/wp\/v2\/tags?post=25410"}],"curies":[{"name":"wp","href":"https:\/\/api.w.org\/{rel}","templated":true}]}}