{"id":25431,"date":"2015-05-03T21:12:00","date_gmt":"2015-05-04T00:12:00","guid":{"rendered":"https:\/\/isiinfinity.com.br\/teoria-dos-setenios-e-as-fases-da-vida\/"},"modified":"2015-05-03T21:12:00","modified_gmt":"2015-05-04T00:12:00","slug":"teoria-dos-setenios-e-as-fases-da-vida","status":"publish","type":"post","link":"https:\/\/isiinfinity.com.br\/artigos\/teoria-dos-setenios-e-as-fases-da-vida\/","title":{"rendered":"TEORIA DOS SET\u00caNIOS E AS FASES DA VIDA"},"content":{"rendered":"\n<p style=\"text-align: justify;\"><strong><em>Teoria dos set\u00eanios, uma contribui\u00e7\u00e3o fascinante para a vida e carreira.<\/em><\/strong><\/p>\n<p style=\"text-align: justify;\">Trabalho e vida andam juntos, afinal, ele est\u00e1 vinculado \u00e0 todas as \u00e1reas da vida e n\u00e3o somente ao papel enquanto trabalhador.<\/p>\n<p style=\"text-align: justify;\">Nesse sentido, surgiram novas teorias que integram as <strong>quest\u00f5es profissionais com a biografia pessoal pois a vida \u00e9 uma s\u00f3, vivemos em um \u00fanico plano de exist\u00eancia.\u00a0<\/strong>Uma delas \u00e9 a T<strong>eoria dos Set\u00eanios<\/strong> que faz parte da antroposofia, ci\u00eancia espiritual moderna desenvolvida pelo fil\u00f3sofo e cientista austr\u00edaco Rudolf Steiner (1861-1925).<\/p>\n<p style=\"text-align: justify;\">Nela, o fil\u00f3sofo prop\u00f5e uma forma <strong>livre, natural e respons\u00e1vel<\/strong> de pensar, de perceber a realidade e de atuar, observando e respeitando o ser humano e o meio em que est\u00e1 inserido.<\/p>\n<blockquote>\n<p style=\"text-align: justify;\">De fato, os chineses e gregos foram os primeiros a observar as mudan\u00e7as biol\u00f3gicas e espirituais que ocorriam a cada sete anos, originando a\u00ed o termo &#8220;set\u00eanio&#8221;, de acordo com o curso da natureza.<\/p>\n<\/blockquote>\n<p style=\"text-align: justify;\">Cada fase ao ser encerrada, origina outra em uma idade posterior com um novo impulso, em uma espiral ascendente de crescimento e aprendizado.\u00a0<\/p>\n<p style=\"text-align: justify;\">Para Steiner, a vida \u00e9 dividida em tr\u00eas fases de amadurecimento: <strong>biol\u00f3gico (at\u00e9 21 anos), psicol\u00f3gico (21 a 42 anos) e espiritual (acima de 42 anos) e cada uma cont\u00e9m tr\u00eas set\u00eanios, totalizando nove.\u00a0<\/strong><\/p>\n<h2 style=\"text-align: justify;\">Os Set\u00eanios<\/h2>\n<p style=\"text-align: justify;\">Na sequ\u00eancia, uma breve explica\u00e7\u00e3o do que seria o desenvolvimento humano por meio dos <strong>nove set\u00eanios<\/strong>:<\/p>\n<ol>\n<li style=\"text-align: justify;\"><strong>Na Fase Infantil<\/strong> (0 a 7 anos) a crian\u00e7a forma o seu senso moral e aprende por imita\u00e7\u00e3o, seu desenvolvimento depende dos exemplos que a cercam. Curiosamente, na Pedagogia Waldorf, nesse per\u00edodo trabalha-se o aspecto vital da crian\u00e7a, indicado para brincadeiras e tomar sol.\u00a0 Considera-se, nessa fase, que o ideal n\u00e3o \u00e9 usar do racioc\u00ednio, mas, sim, se adequar \u00e0 vida.<\/li>\n<li style=\"text-align: justify;\">Esta fase \u00e9 seguida da <strong>Fase Juvenil<\/strong> (7 a 14 anos), em que o indiv\u00edduo aprende pelo exemplo, fase em que \u00e9 formado o senso est\u00e9tico e percep\u00e7\u00e3o da diferen\u00e7a entre os g\u00eaneros. Fase indicada para trabalhar o aspecto emocional da crian\u00e7a por meio dos cinco sentidos (vis\u00e3o, olfato, paladar, tato, audi\u00e7\u00e3o), que s\u00e3o ativados e fortalecidos.\u00a0<\/li>\n<li style=\"text-align: justify;\">Na <strong>Fase Adolescente<\/strong> (14 a 21 anos) a pessoa come\u00e7a a ter ideais, forma o seu senso cr\u00edtico (admira ou rejeita) e passa por algumas crises de identidade (quem sou eu, qual meu papel no mundo, o que quero ser na vida). \u00c9 nessa fase que se inicia a preocupa\u00e7\u00e3o com a carreira, a necessidade de se pensar nas escolhas (qual curso fazer, ser empregado ou ter meu pr\u00f3prio neg\u00f3cio).<\/li>\n<li style=\"text-align: justify;\">A pr\u00f3xima <strong>Fase \u00e9 a Emotiva<\/strong> (21 a 28 anos), caracterizada pela instabilidade emocional. \u00c9 uma etapa de experimenta\u00e7\u00e3o em que muitas pessoas buscam por orienta\u00e7\u00e3o profissional, tentam v\u00e1rias coisas e gostam de feedbacks constantes.<\/li>\n<li style=\"text-align: justify;\">Em seguida, encontra-se a <strong>Fase Racional<\/strong> (28 a 35 anos), marcada pela modera\u00e7\u00e3o, onde a pessoa pensa antes de agir. Ela se depara com questionamentos sobre o que \u00e9 justo, correto e digno, se \u00e9 mais importante &#8220;ter ou ser&#8221;. \u00c9 a fase onde muitos conquistam seu lugar no mundo do trabalho.<\/li>\n<li style=\"text-align: justify;\">Depois, tem-se a <strong>Fase Consciente (35 a 42 anos)<\/strong>, na qual a pessoa questiona seus pr\u00f3prios papeis na vida. O trabalho tende a ser intenso, mais produtivo e a carreira assume o foco no eu (o que eu fa\u00e7o \u00e9 coerente com os meus valores, no que eu acredito).<\/li>\n<li style=\"text-align: justify;\">A <strong>Fase Imaginativa<\/strong> (42 a 49 anos) \u00e9 quando tentamos viver de acordo com nossas pr\u00f3prias convic\u00e7\u00f5es. Neste per\u00edodo, tem-se mais clareza do que se gosta e do que \u00e9 apenas obriga\u00e7\u00e3o na carreira.<\/li>\n<li style=\"text-align: justify;\">Na <strong>Fase Inspirativa<\/strong> (49 a 56 anos) aprendemos a escutar as perguntas que nos s\u00e3o colocadas. Ficamos mais abertos a atender as demandas alheias. A criatividade \u00e9 ampliada no trabalho.<\/li>\n<li style=\"text-align: justify;\">Por fim, tem-se a <strong>Fase Intuitiva<\/strong> (57 a 63 anos), onde fazer o bem \u00e9 o mais importante, boa parte das grandes obras da humanidade foram criadas por pessoas acima de 60 anos. Aqueles que est\u00e3o nessa fase administram o potencial espiritual da organiza\u00e7\u00e3o, por meio da sua miss\u00e3o, valores e respondem \u00e0s necessidades futuras reais, enxergando as mega-tend\u00eancias.<\/li>\n<\/ol>\n<p style=\"text-align: justify;\">A partir dessa fase, temos a serenidade, &#8220;o n\u00f3s no lugar do eu&#8221;.<\/p>\n<blockquote>\n<p style=\"text-align: justify;\">A biografia pessoal e a carreira\u00a0 s\u00e3o aspectos \u00fanicos e interligados da nossa exist\u00eancia, no cumprimento de nossa miss\u00e3o de vida.<\/p>\n<\/blockquote>\n<p style=\"text-align: justify;\">Finalmente, a Teoria dos Set\u00eanios nos permite refletir sobre nossa fase de desenvolvimento atual e pensar que temos sempre algo melhor e maior \u00e0 nossa frente.\u00a0<\/p>\n","protected":false},"excerpt":{"rendered":"<p>Teoria dos set\u00eanios, uma contribui\u00e7\u00e3o fascinante para a vida e carreira. Trabalho e vida andam juntos, afinal, ele est\u00e1 vinculado \u00e0 todas as \u00e1reas da vida e n\u00e3o somente ao papel enquanto trabalhador. Nesse sentido, surgiram novas teorias que integram as quest\u00f5es profissionais com a biografia pessoal pois a vida \u00e9 uma s\u00f3, vivemos em [&hellip;]<\/p>\n","protected":false},"author":3,"featured_media":25432,"comment_status":"open","ping_status":"open","sticky":false,"template":"","format":"standard","meta":{"footnotes":""},"categories":[49,35,27],"tags":[79,36,80,81,82,83,84],"class_list":["post-25431","post","type-post","status-publish","format-standard","has-post-thumbnail","hentry","category-autoconhecimento","category-autorealizacao-e-sucesso","category-trabalho-e-carreira","tag-antroposofia","tag-carreira","tag-fases-da-vida","tag-papeis","tag-rudolf-steiner","tag-setenios","tag-teoria-dos-setenios"],"_links":{"self":[{"href":"https:\/\/isiinfinity.com.br\/artigos\/wp-json\/wp\/v2\/posts\/25431","targetHints":{"allow":["GET"]}}],"collection":[{"href":"https:\/\/isiinfinity.com.br\/artigos\/wp-json\/wp\/v2\/posts"}],"about":[{"href":"https:\/\/isiinfinity.com.br\/artigos\/wp-json\/wp\/v2\/types\/post"}],"author":[{"embeddable":true,"href":"https:\/\/isiinfinity.com.br\/artigos\/wp-json\/wp\/v2\/users\/3"}],"replies":[{"embeddable":true,"href":"https:\/\/isiinfinity.com.br\/artigos\/wp-json\/wp\/v2\/comments?post=25431"}],"version-history":[{"count":0,"href":"https:\/\/isiinfinity.com.br\/artigos\/wp-json\/wp\/v2\/posts\/25431\/revisions"}],"wp:featuredmedia":[{"embeddable":true,"href":"https:\/\/isiinfinity.com.br\/artigos\/wp-json\/wp\/v2\/media\/25432"}],"wp:attachment":[{"href":"https:\/\/isiinfinity.com.br\/artigos\/wp-json\/wp\/v2\/media?parent=25431"}],"wp:term":[{"taxonomy":"category","embeddable":true,"href":"https:\/\/isiinfinity.com.br\/artigos\/wp-json\/wp\/v2\/categories?post=25431"},{"taxonomy":"post_tag","embeddable":true,"href":"https:\/\/isiinfinity.com.br\/artigos\/wp-json\/wp\/v2\/tags?post=25431"}],"curies":[{"name":"wp","href":"https:\/\/api.w.org\/{rel}","templated":true}]}}