{"id":25495,"date":"2014-03-04T16:22:00","date_gmt":"2014-03-04T19:22:00","guid":{"rendered":"https:\/\/isiinfinity.com.br\/estagios-de-carreira\/"},"modified":"2014-03-04T16:22:00","modified_gmt":"2014-03-04T19:22:00","slug":"estagios-de-carreira","status":"publish","type":"post","link":"https:\/\/isiinfinity.com.br\/artigos\/estagios-de-carreira\/","title":{"rendered":"EST\u00c1GIOS e FASES DE CARREIRA"},"content":{"rendered":"\n<p>Os modelos e est\u00e1gios de carreira tradicionais s\u00e3o alicer\u00e7ados em idade, os quais sugerem em qual deles voc\u00ea estaria de acordo com a sua faixa et\u00e1ria.<\/p>\n<p>Entretanto, os modernos conceitos de carreira quebram esse paradigma da idade.<\/p>\n<p>Mas n\u00e3o \u00e9 s\u00f3 isso, nesses novos modelos, tendo como refer\u00eancia a <strong>Carreira Proteana<\/strong>, a responsabilidade da carreira passa a ser do profissional e n\u00e3o somente da empresa, entrando em cena o protagonismo da carreira ou <a href=\"https:\/\/www.amazon.com.br\/Planejamento-estrat%C3%A9gico-Autogest%C3%A3o-Carreira-equil%C3%ADbrio\/dp\/8581502474\/ref=sr_1_2?__mk_pt_BR=%C3%85M%C3%85%C5%BD%C3%95%C3%91&amp;crid=23FMD7XGOM8P&amp;keywords=yeda+oswaldo&amp;qid=1682705350&amp;sprefix=yeda+oswaldo%2Caps%2C233&amp;sr=8-2\" rel=\"nofollow noopener\" target=\"_blank\">autogest\u00e3o de carreira<\/a>. Al\u00e9m disso, a autorrealiza\u00e7\u00e3o est\u00e1 relacionada ao <strong>sucesso psicol\u00f3gico (intr\u00ednseco) e n\u00e3o somente com status, renda, fama ou poder (extr\u00ednseco).<\/strong><\/p>\n<blockquote>\n<p style=\"text-align: left;\">Nesse sentido, a idade cronol\u00f3gica est\u00e1 desatrelada da idade profissional e produtiva.<\/p>\n<\/blockquote>\n<p>\u00c9 claro que o bom senso deve prevalecer, exceto na fic\u00e7\u00e3o, dificilmente uma empresa real contratar\u00e1 uma pessoa de 70 anos para a vaga de estagi\u00e1rio. Tamb\u00e9m \u00e9 bem poss\u00edvel que uma pessoa com idade mais avan\u00e7ada n\u00e3o seja contratada para um cargo que exija grandes esfor\u00e7os f\u00edsicos.<\/p>\n<p>Assim, \u00e9 bastante v\u00e1lido entender os est\u00e1gios de carreira que n\u00e3o fazem refer\u00eancia a idade.<\/p>\n<h2 style=\"text-align: justify;\">Sete Est\u00e1gios de Carreira<\/h2>\n<p>Por certo, um modelo bastante interessante de est\u00e1gios de carreira foi desenvolvido pelo professor Yehura Baruch, reconhecido no mundo inteiro pelos seus estudos sobre carreira e gest\u00e3o de recursos humanos.<\/p>\n<p>Baruch prop\u00f5e sete est\u00e1gios sem atribuir faixas et\u00e1rias a eles, o que permite maior flexibiliza\u00e7\u00e3o e planejamento de carreira.<\/p>\n<p>\u00c9 um modelo bastante interessante, o qual sintetizaremos na sequ\u00eancia, com algumas considera\u00e7\u00f5es e releituras:<\/p>\n<ol>\n<li><strong>Fundamenta\u00e7\u00e3o<\/strong>: experi\u00eancias adquiridas na inf\u00e2ncia e adolesc\u00eancia refletem na escolha da carreira.<\/li>\n<li><strong> Entrada<\/strong>: geralmente coincide com a op\u00e7\u00e3o de um curso superior na \u00e1rea escolhida. Pode se dar por meio dos est\u00e1gios e treinamentos nas organiza\u00e7\u00f5es.<\/li>\n<li><strong>Avan\u00e7o:<\/strong> escalada na hierarquia organizacional e no caso dos empreendedores e aut\u00f4nomos \u00e0 expans\u00e3o dos neg\u00f3cios. Para o desenvolvimento profissional \u00e9 prov\u00e1vel ocorrer v\u00e1rias mudan\u00e7as de empregos.<\/li>\n<li><strong>Reavalia\u00e7\u00e3o:<\/strong> essa fase inclui a reflex\u00e3o sobre o papel do trabalho e da carreira e se suas necessidades de realiza\u00e7\u00e3o est\u00e3o sendo supridas. As insatisfa\u00e7\u00f5es com a carreira podem levar o profissional a pensar em mudar seu rumo, com uma nova entrada.<\/li>\n<li><strong>Refor\u00e7o ou reentrada<\/strong>: perman\u00eancia do &#8220;status quo&#8221; ou retorno para o est\u00e1gio 2, em que o indiv\u00edduo tenta se restabelecer profissionalmente.<\/li>\n<li><strong>Desengajamento:<\/strong> o sujeito come\u00e7a a pensar ou encerrar imediatamente sua vida profissional. Diminui\u00e7\u00e3o da energia f\u00edsica e mental.<\/li>\n<li><strong>Aposentadoria:<\/strong> retirada definitiva do mercado de trabalho.<\/li>\n<\/ol>\n<h2 style=\"text-align: justify;\">Ciclo de Carreira: In\u00edcio e T\u00e9rmino<\/h2>\n<p style=\"text-align: left;\">Entrar tarde no mercado de trabalho pode ser um problema. Com certeza o ideal \u00e9 que o jovem tenha experi\u00eancias laborais positivas o quanto antes na vida.<\/p>\n<p style=\"text-align: left;\">O curso universit\u00e1rio \u00e9 uma \u00f3tima oportunidade de ocupa\u00e7\u00e3o por meio do est\u00e1gio. Nele \u00e9 poss\u00edvel experimentar e explorar uma variedade de pap\u00e9is, atividades e situa\u00e7\u00f5es, assim seu estabelecimento profissional se dar\u00e1 com maior seguran\u00e7a.<\/p>\n<p style=\"text-align: left;\">Mas isso n\u00e3o vale para todos j\u00e1 que alguns cursos superiores s\u00e3o integrais e de alguma forma, ocupam todo o tempo do estudante. <strong>O que n\u00e3o pode \u00e9 utilizar isso como desculpa para postergar a entrada no mercado de trabalho.<\/strong><\/p>\n<p style=\"text-align: left;\">Por outro lado a aposentaria n\u00e3o precisa ocorrer necessariamente aos 60-65 anos, podendo ser antes ou depois dessa idade. Novamente o bom senso se faz presente.<\/p>\n<p style=\"text-align: left;\">As idades podem ser utilizadas como refer\u00eancia, mas o pr\u00f3prio sujeito, ao planejar sua carreira, \u00e9 quem deve saber o que \u00e9 melhor para si e definir o prazo para finalizar sua vida laboral, levando em considera\u00e7\u00e3o suas perspectivas particulares.<\/p>\n<blockquote>\n<p style=\"text-align: justify;\">Em algumas profiss\u00f5es \u00e9 poss\u00edvel prolongar o ciclo de vida da carreira, em outras, o profissional pode n\u00e3o ter suporte f\u00edsico e emocional para atuar durante muito tempo.<\/p>\n<\/blockquote>\n<p style=\"text-align: left;\">Para finalizar, \u00e9 importante lembrar que a profiss\u00e3o escolhida e como voc\u00ea lida com a press\u00e3o do trabalho influenciam diretamente no ciclo de vida da carreira.<\/p>\n","protected":false},"excerpt":{"rendered":"<p>Os modelos e est\u00e1gios de carreira tradicionais s\u00e3o alicer\u00e7ados em idade, os quais sugerem em qual deles voc\u00ea estaria de acordo com a sua faixa et\u00e1ria. Entretanto, os modernos conceitos de carreira quebram esse paradigma da idade. Mas n\u00e3o \u00e9 s\u00f3 isso, nesses novos modelos, tendo como refer\u00eancia a Carreira Proteana, a responsabilidade da carreira [&hellip;]<\/p>\n","protected":false},"author":3,"featured_media":25496,"comment_status":"open","ping_status":"open","sticky":false,"template":"","format":"standard","meta":{"footnotes":""},"categories":[35,37,27],"tags":[36,158,159,160,161,162,163],"class_list":["post-25495","post","type-post","status-publish","format-standard","has-post-thumbnail","hentry","category-autorealizacao-e-sucesso","category-gestao-de-pessoas","category-trabalho-e-carreira","tag-carreira","tag-carreira-proteana","tag-ciclo-de-carreira","tag-estagio","tag-fases-de-careira","tag-gestao-de-carreira","tag-planejamento-de-carreira"],"_links":{"self":[{"href":"https:\/\/isiinfinity.com.br\/artigos\/wp-json\/wp\/v2\/posts\/25495","targetHints":{"allow":["GET"]}}],"collection":[{"href":"https:\/\/isiinfinity.com.br\/artigos\/wp-json\/wp\/v2\/posts"}],"about":[{"href":"https:\/\/isiinfinity.com.br\/artigos\/wp-json\/wp\/v2\/types\/post"}],"author":[{"embeddable":true,"href":"https:\/\/isiinfinity.com.br\/artigos\/wp-json\/wp\/v2\/users\/3"}],"replies":[{"embeddable":true,"href":"https:\/\/isiinfinity.com.br\/artigos\/wp-json\/wp\/v2\/comments?post=25495"}],"version-history":[{"count":0,"href":"https:\/\/isiinfinity.com.br\/artigos\/wp-json\/wp\/v2\/posts\/25495\/revisions"}],"wp:featuredmedia":[{"embeddable":true,"href":"https:\/\/isiinfinity.com.br\/artigos\/wp-json\/wp\/v2\/media\/25496"}],"wp:attachment":[{"href":"https:\/\/isiinfinity.com.br\/artigos\/wp-json\/wp\/v2\/media?parent=25495"}],"wp:term":[{"taxonomy":"category","embeddable":true,"href":"https:\/\/isiinfinity.com.br\/artigos\/wp-json\/wp\/v2\/categories?post=25495"},{"taxonomy":"post_tag","embeddable":true,"href":"https:\/\/isiinfinity.com.br\/artigos\/wp-json\/wp\/v2\/tags?post=25495"}],"curies":[{"name":"wp","href":"https:\/\/api.w.org\/{rel}","templated":true}]}}