{"id":25556,"date":"2012-11-25T18:04:00","date_gmt":"2012-11-25T20:04:00","guid":{"rendered":"https:\/\/isiinfinity.com.br\/empreendedorismo-como-opcao-de-carreira\/"},"modified":"2012-11-25T18:04:00","modified_gmt":"2012-11-25T20:04:00","slug":"empreendedorismo-como-opcao-de-carreira","status":"publish","type":"post","link":"https:\/\/isiinfinity.com.br\/artigos\/empreendedorismo-como-opcao-de-carreira\/","title":{"rendered":"EMPREENDEDORISMO COMO OP\u00c7\u00c3O DE CARREIRA"},"content":{"rendered":"<p>&nbsp;<\/p>\n<p style=\"text-align: justify;\">O empreendedorismo est\u00e1 arraigado na cultura brasileira, o que nos coloca entre os mais empreendedores do mundo. Segundo a Global Entrepreneurship Monitor (GEM), maior estudo independente do mundo sobre a atividade empreendedora, o Brasil \u00e9 hoje o pa\u00eds com maior taxa, ficando \u00e0 frente de todos os pa\u00edses do G20 (grupo que integra as maiores economias do mundo) e do BRIC (grupo que re\u00fane os emergentes Brasil, R\u00fassia, \u00cdndia e China).<\/p>\n<h2 style=\"text-align: justify;\">Motiva\u00e7\u00f5es para Empreender<\/h2>\n<p style=\"text-align: justify;\">Existem algumas pessoas que se lan\u00e7am ao empreendedorismo motivadas por necessidade (falta de alternativa satisfat\u00f3ria de ocupa\u00e7\u00e3o e renda \u2013 ser empreendedor \u00e9 a \u00fanica alternativa que restou), outras por oportunidade (percep\u00e7\u00e3o de um nicho de mercado em potencial, quando o empreendedor descobre uma necessidade ou um desejo insatisfeito) e h\u00e1 aquelas que querem ser empreendedoras por op\u00e7\u00e3o (desejam ter seu pr\u00f3prio empreendimento, ser seu pr\u00f3prio patr\u00e3o).<\/p>\n<p style=\"text-align: justify;\">As raz\u00f5es que motivam o desenvolvimento do neg\u00f3cio pr\u00f3prio variam de uma pessoa para outra, mas o importante \u00e9 notar se a decis\u00e3o \u00e9 baseada apenas em raz\u00f5es emocionais ou moment\u00e2neas.<\/p>\n<p style=\"text-align: justify;\">Criar uma empresa implica em associar a emo\u00e7\u00e3o e a raz\u00e3o para superar as dificuldades que certamente vir\u00e3o. Segundo Ronald Jean Degen, autor de um livro na \u00e1rea:<\/p>\n<blockquote>\n<p style=\"text-align: justify;\">Ser empreendedor n\u00e3o \u00e9 s\u00f3 ganhar muito dinheiro, ser independente ou realizar algo. Ser empreendedor tem um custo que muitos n\u00e3o est\u00e3o dispostos a pagar.<\/p>\n<\/blockquote>\n<p style=\"text-align: justify;\">Com a grande rever\u00eancia em torno na cultura empreendedora \u00e9 natural que muitas pessoas se sintam impelidas ao empreendedorismo, quer seja por influ\u00eancia de familiares, amigos, conhecidos e at\u00e9 mesmo pelo que se propaga na m\u00eddia.<\/p>\n<h2 style=\"text-align: justify;\">Empregado ou Empreendedor?<\/h2>\n<p style=\"text-align: justify;\">Parece que trabalhar como empregado \u00e9 falta de m\u00e9rito, ruim e inadequado para os dias de hoje, o que obviamente, \u00e9 uma inverdade. Sobretudo, existem pessoas que est\u00e3o satisfeitas com o seu trabalho onde tem relativa estabilidade, autorrealiza\u00e7\u00e3o profissional e para elas \u00e9 apavorante o risco de abrir m\u00e3o dessas conquistas para assumir as indefini\u00e7\u00f5es de um neg\u00f3cio pr\u00f3prio.<\/p>\n<p style=\"text-align: justify;\">Por outro lado, at\u00e9 a alguns anos atr\u00e1s, acreditava-se que o empreendedor era inato, que nascia com um diferencial e era predestinado para o sucesso nos neg\u00f3cios. Pessoas sem essas caracter\u00edsticas eram desencorajadas a empreender. Hoje em dia acredita-se que o processo empreendedor pode ser ensinado e entendido por qualquer pessoa e que o sucesso \u00e9 decorrente de v\u00e1rios fatores internos e externos ao neg\u00f3cio, do perfil empreendedor e de como ele administra as adversidades no dia a dia do seu empreendimento.<\/p>\n<p style=\"text-align: justify;\">\u00c9 dif\u00edcil definir com certeza o que torna um indiv\u00edduo empreendedor, assim como \u00e9 imposs\u00edvel mensurar objetivamente as caracter\u00edsticas fundamentais para o empreendedorismo. Por isso, antes de pensar em abrir um neg\u00f3cio, \u00e9 necess\u00e1rio que a pessoa reflita se gostaria realmente de seguir a carreira de empreendedor ou se ser empregado seria a melhor op\u00e7\u00e3o.<\/p>\n<h2 style=\"text-align: justify;\">Empreendedores: Quem s\u00e3o Eles?<\/h2>\n<p style=\"text-align: justify;\">O assunto merece muita reflex\u00e3o, mas podemos dizer que os empreendedores, de maneira geral, procuram liberdade, assumem riscos, lidam eficazmente com o sucesso ou fracasso, s\u00e3o questionadores, observadores, curiosos e intuitivos. J\u00e1 os empregados procuram seguran\u00e7a, evitam riscos, tem medo de fracassar, seguem regras, s\u00e3o centrados e racionais.<\/p>\n<p style=\"text-align: justify;\">Mas nenhum \u00e9 melhor que o outro, o empreendedorismo \u00e9 mais uma op\u00e7\u00e3o de carreira.<\/p>\n<p><span style=\"border-radius: 2px; text-indent: 20px; width: auto; padding: 0px 4px 0px 0px; text-align: center; font: bold 11px\/20px 'Helvetica Neue',Helvetica,sans-serif; color: #ffffff; background: #bd081c no-repeat scroll 3px 50% \/ 14px 14px; position: absolute; opacity: 1; z-index: 8675309; display: none; cursor: pointer; top: 36px; left: 20px;\">Salvar<\/span><\/p>\n","protected":false},"excerpt":{"rendered":"<p>&nbsp; O empreendedorismo est\u00e1 arraigado na cultura brasileira, o que nos coloca entre os mais empreendedores do mundo. Segundo a Global Entrepreneurship Monitor (GEM), maior estudo independente do mundo sobre a atividade empreendedora, o Brasil \u00e9 hoje o pa\u00eds com maior taxa, ficando \u00e0 frente de todos os pa\u00edses do G20 (grupo que integra as [&hellip;]<\/p>\n","protected":false},"author":3,"featured_media":25557,"comment_status":"open","ping_status":"open","sticky":false,"template":"","format":"standard","meta":{"footnotes":""},"categories":[30,27],"tags":[36,70],"class_list":["post-25556","post","type-post","status-publish","format-standard","has-post-thumbnail","hentry","category-gestao-negocios-e-empreendedorismo","category-trabalho-e-carreira","tag-carreira","tag-empreendedorismo"],"_links":{"self":[{"href":"https:\/\/isiinfinity.com.br\/artigos\/wp-json\/wp\/v2\/posts\/25556","targetHints":{"allow":["GET"]}}],"collection":[{"href":"https:\/\/isiinfinity.com.br\/artigos\/wp-json\/wp\/v2\/posts"}],"about":[{"href":"https:\/\/isiinfinity.com.br\/artigos\/wp-json\/wp\/v2\/types\/post"}],"author":[{"embeddable":true,"href":"https:\/\/isiinfinity.com.br\/artigos\/wp-json\/wp\/v2\/users\/3"}],"replies":[{"embeddable":true,"href":"https:\/\/isiinfinity.com.br\/artigos\/wp-json\/wp\/v2\/comments?post=25556"}],"version-history":[{"count":0,"href":"https:\/\/isiinfinity.com.br\/artigos\/wp-json\/wp\/v2\/posts\/25556\/revisions"}],"wp:featuredmedia":[{"embeddable":true,"href":"https:\/\/isiinfinity.com.br\/artigos\/wp-json\/wp\/v2\/media\/25557"}],"wp:attachment":[{"href":"https:\/\/isiinfinity.com.br\/artigos\/wp-json\/wp\/v2\/media?parent=25556"}],"wp:term":[{"taxonomy":"category","embeddable":true,"href":"https:\/\/isiinfinity.com.br\/artigos\/wp-json\/wp\/v2\/categories?post=25556"},{"taxonomy":"post_tag","embeddable":true,"href":"https:\/\/isiinfinity.com.br\/artigos\/wp-json\/wp\/v2\/tags?post=25556"}],"curies":[{"name":"wp","href":"https:\/\/api.w.org\/{rel}","templated":true}]}}