{"id":25648,"date":"2017-06-08T00:17:11","date_gmt":"2017-06-08T03:17:11","guid":{"rendered":"https:\/\/isiinfinity.com.br\/dialogo-interno-como-e-o-seu-dialogo-consigo-mesmo\/"},"modified":"2017-06-08T00:17:11","modified_gmt":"2017-06-08T03:17:11","slug":"dialogo-interno-como-e-o-seu-dialogo-consigo-mesmo","status":"publish","type":"post","link":"https:\/\/isiinfinity.com.br\/artigos\/dialogo-interno-como-e-o-seu-dialogo-consigo-mesmo\/","title":{"rendered":"DI\u00c1LOGO INTERNO: COMO \u00c9 O SEU DI\u00c1LOGO CONSIGO MESMO?"},"content":{"rendered":"\n<p><em><strong>Di\u00e1logo interno: a forma como conversamos silenciosamente com n\u00f3s mesmos definem o que pensamos, o que sentimos e como nos comportaremos.<\/strong><\/em><\/p>\n<p>Alguma vez voc\u00ea acordou de madrugada com um voz insistente em sua cabe\u00e7a?<\/p>\n<p>Talvez uma voz <strong>cr\u00edtica, r\u00edgida, julgadora e irritante?\u00a0<\/strong><\/p>\n<p>Surpreendentemente, ela pode aparecer quando voc\u00ea menos espera. Seja durante uma reuni\u00e3o com outras pessoas, quando est\u00e1 sozinho e principalmente \u00e0 noite, quando todas as dores (emocionais e f\u00edsicas) parecem piorar.<\/p>\n<p>Essa voz interna e negativa surge geralmente, por algum acontecimento adverso, aborrecimento ocorrido ou algo que voc\u00ea esqueceu de fazer&#8230;<\/p>\n<p>Ou at\u00e9 mesmo, por coisas simples e banais.<\/p>\n<p>Independentemente do ocorrido, ela \u00e9 impiedosa e implac\u00e1vel. <strong>&#8220;Seu burro&#8221;; &#8220;Como voc\u00ea \u00e9 idiota!&#8221;; &#8220;Como n\u00e3o percebeu isso antes?&#8221;<\/strong> &#8211; esses s\u00e3o os termos dessas conversas.<\/p>\n<blockquote>\n<p style=\"text-align: center;\">Infelizmente, muitas vezes, acreditamos nela e muitos de n\u00f3s vivem sob a sua tirania.\u00a0<\/p>\n<\/blockquote>\n<p><strong>Logo, quanto mais a ouvimos e acreditamos nela, piores s\u00e3o nossos dias, semanas e a vida toda.<\/strong><\/p>\n<p>Certa vez, Martin Seligman, precursor da <a href=\"https:\/\/blog.isiinfinity.com.br\/psicologia-positiva-tudo-que-voce-precisa-saber\/\">psicologia positiva<\/a> perguntou a uma de suas pacientes:<\/p>\n<blockquote>\n<p style=\"text-align: center;\">Se um b\u00eabado cambaleando na rua lhe dissesse que voc\u00ea \u00e9 repugnante, voc\u00ea desconsideraria?\u00a0<\/p>\n<\/blockquote>\n<p>A paciente respondeu \u00e9 \u00f3bvio que n\u00e3o acreditaria nas palavras de um b\u00eabado.<\/p>\n<p>Ele informou \u00e0 ela que muitas vezes, dizermos coisas para n\u00f3s mesmos que tamb\u00e9m n\u00e3o t\u00eam fundamento. Mas acreditamos nelas pois somos dignos de nossa pr\u00f3pria confian\u00e7a. Entretanto, isso n\u00e3o \u00e9 verdade. Segundo ele:<\/p>\n<blockquote>\n<p style=\"text-align: center;\">\u00c9 comum distorcermos mais a realidade que os b\u00eabados.\u00a0<\/p>\n<\/blockquote>\n<p>Sendo assim, \u00e9 preciso mudar o di\u00e1logo interno depreciativo. Iniciando por silenciar as vozes <strong>negativas na mente.<\/strong><\/p>\n<h2>O Di\u00e1logo Interno<\/h2>\n<p><span style=\"font-size: 14.4px;\">Assim sendo, \u00e9 preciso silenciar esse di\u00e1logo interno barulhento, cheio de ru\u00eddos e interfer\u00eancias com os quais despendermos muita energia. Certamente, ele nos impede de acessar nosso <\/span><strong style=\"font-size: 14.4px;\">eu interno<\/strong><span style=\"font-size: 14.4px;\"> criativo e intuitivo.<\/span><\/p>\n<p>Por conseguinte, esses pensamentos limitantes que ocorrem na nossa mente, dia a dia geram tristeza, d\u00favidas e medos.<\/p>\n<blockquote>\n<p style=\"text-align: center;\">E n\u00e3o h\u00e1 nada do que nos impe\u00e7a de alcan\u00e7ar o sucesso e a autorrealiza\u00e7\u00e3o que a d\u00favida e o medo.<\/p>\n<\/blockquote>\n<p>Com efeito, o resultado \u00e9 uma profunda infelicidade. Por isso, precisamos silenciar essa voz r\u00edgida e intolerante.<\/p>\n<h2>Roteiro para Alterar o Di\u00e1logo Interior<\/h2>\n<p>Nesse sentido, Romilla Ready e Kate Burton, duas estudiosas da PNL (Programa\u00e7\u00e3o Neurolingu\u00edstica), fornecem algumas dicas para silenciar as vozes internas negativas.\u00a0E na sequ\u00eancia, devemos substitu\u00ed-las por uma voz clara, simples que possa nos trazer de volta ao controle de n\u00f3s mesmos.<\/p>\n<p>Inspiradas nelas, elaboramos um roteiro para voc\u00ea utilizar no seu dia a dia:<\/p>\n<ol>\n<li>Ao ouvir a voz cr\u00edtica, interrompa o padr\u00e3o. Fale &#8220;<strong>Calma<\/strong>&#8220;, &#8220;<strong>Opa, o mundo n\u00e3o acabou&#8230;<\/strong>&#8220;. Seja firme com ela (n\u00e3o rude). Silencie as palavras duras para pensar com <strong>calma e clareza<\/strong>.<\/li>\n<li>Ou\u00e7a seu di\u00e1logo interno e agrade\u00e7a-o por sua <strong>inten\u00e7\u00e3o positiva<\/strong>, que o protegeu at\u00e9 aqui.<\/li>\n<li>Traga para a mente aquela parte <strong>sua acalentadora e n\u00e3o cr\u00edtica, que pode lhe trazer novas possibilidades<\/strong>.<\/li>\n<li>Medite por alguns minutos e respire calmamente, repetindo a frase: <em>&#8220;<\/em><strong><em>Eu fa\u00e7o as minhas escolhas<\/em><\/strong>&#8220;.<\/li>\n<\/ol>\n<p>Finalmente, os passos acima ajudam a interromper o ciclo de padr\u00f5es negativos. Assim, ter\u00e1 maior controle sobre os seus pensamentos e sua vida.<\/p>\n","protected":false},"excerpt":{"rendered":"<p>Di\u00e1logo interno: a forma como conversamos silenciosamente com n\u00f3s mesmos definem o que pensamos, o que sentimos e como nos comportaremos. Alguma vez voc\u00ea acordou de madrugada com um voz insistente em sua cabe\u00e7a? Talvez uma voz cr\u00edtica, r\u00edgida, julgadora e irritante?\u00a0 Surpreendentemente, ela pode aparecer quando voc\u00ea menos espera. Seja durante uma reuni\u00e3o com [&hellip;]<\/p>\n","protected":false},"author":4,"featured_media":25649,"comment_status":"open","ping_status":"open","sticky":false,"template":"","format":"standard","meta":{"footnotes":""},"categories":[49,63,141,327,52],"tags":[328,329],"class_list":["post-25648","post","type-post","status-publish","format-standard","has-post-thumbnail","hentry","category-autoconhecimento","category-coaching-e-mentoring","category-mudanca-e-transformacao","category-programacao-neurolinguistica","category-psicologia","tag-dialogo-interior","tag-pnl"],"_links":{"self":[{"href":"https:\/\/isiinfinity.com.br\/artigos\/wp-json\/wp\/v2\/posts\/25648","targetHints":{"allow":["GET"]}}],"collection":[{"href":"https:\/\/isiinfinity.com.br\/artigos\/wp-json\/wp\/v2\/posts"}],"about":[{"href":"https:\/\/isiinfinity.com.br\/artigos\/wp-json\/wp\/v2\/types\/post"}],"author":[{"embeddable":true,"href":"https:\/\/isiinfinity.com.br\/artigos\/wp-json\/wp\/v2\/users\/4"}],"replies":[{"embeddable":true,"href":"https:\/\/isiinfinity.com.br\/artigos\/wp-json\/wp\/v2\/comments?post=25648"}],"version-history":[{"count":0,"href":"https:\/\/isiinfinity.com.br\/artigos\/wp-json\/wp\/v2\/posts\/25648\/revisions"}],"wp:featuredmedia":[{"embeddable":true,"href":"https:\/\/isiinfinity.com.br\/artigos\/wp-json\/wp\/v2\/media\/25649"}],"wp:attachment":[{"href":"https:\/\/isiinfinity.com.br\/artigos\/wp-json\/wp\/v2\/media?parent=25648"}],"wp:term":[{"taxonomy":"category","embeddable":true,"href":"https:\/\/isiinfinity.com.br\/artigos\/wp-json\/wp\/v2\/categories?post=25648"},{"taxonomy":"post_tag","embeddable":true,"href":"https:\/\/isiinfinity.com.br\/artigos\/wp-json\/wp\/v2\/tags?post=25648"}],"curies":[{"name":"wp","href":"https:\/\/api.w.org\/{rel}","templated":true}]}}