{"id":25757,"date":"2019-04-08T13:24:26","date_gmt":"2019-04-08T16:24:26","guid":{"rendered":"https:\/\/isiinfinity.com.br\/ser-etico-e-um-bom-negocio\/"},"modified":"2019-04-08T13:24:26","modified_gmt":"2019-04-08T16:24:26","slug":"ser-etico-e-um-bom-negocio","status":"publish","type":"post","link":"https:\/\/isiinfinity.com.br\/artigos\/ser-etico-e-um-bom-negocio\/","title":{"rendered":"SER \u00c9TICO \u00c9 UM BOM NEG\u00d3CIO"},"content":{"rendered":"\n<p>O conv\u00edvio em sociedade n\u00e3o \u00e9 algo simples. \u00c9 necess\u00e1rio seguir normas e regras, e acima de tudo, \u00e9 preciso reconhecer e aceitar que existem limites, n\u00e3o podemos simplesmente dizer e fazer o que nos v\u00eam a mente sem esperar pelas consequ\u00eancias. Assim, apesar de livres para escolher nossas a\u00e7\u00f5es, n\u00e3o somos livres para determinar as suas consequ\u00eancias.<\/p>\n<div>\n<div>Mas infelizmente, parece que esses princ\u00edpios norteadores do conv\u00edvio social est\u00e3o em crise.<\/div>\n<div>\u00a0<\/div>\n<div><span style=\"font-size: 23.04px;\">\u00c9tica em Crise?<\/span><\/div>\n<\/div>\n\n\n\n<p>O imediatismo, os ganhos f\u00e1ceis, a autopromo\u00e7\u00e3o e o individualismo violam valores fundamentais e universais. <strong>O que h\u00e1 alguma tempo atr\u00e1s era inadmiss\u00edvel para qualquer padr\u00e3o \u00e9tico, parece que est\u00e1 dentro da normalidade.<\/strong><\/p>\n\n\n\n<p>Sob muitos aspectos, a especula\u00e7\u00e3o tomou espa\u00e7o do trabalho honesto e s\u00e9rio. Afinal, copiar e roubar ideias, \u00e9 mais f\u00e1cil do que criar. Da mesma forma, ludibriar, achar que est\u00e1 acima de tudo e de todos, ocultar verdades, inventar mentiras, realizar jogos de poder e enganar pessoas virou praxe no mundo dos neg\u00f3cios.<\/p>\n<p>Assim, muitas pessoas deixam de pensar no futuro para pensar nos ganhos imediatos. <strong>O resultado \u00e9 que cada vez mais temos mais competi\u00e7\u00e3o e menos colabora\u00e7\u00e3o. Mais pessoas pensando no &#8220;eu&#8221; do que no &#8220;n\u00f3s&#8221;.<\/strong><\/p>\n\n\n\n<p>Nesse contexto, o profissional honesto e s\u00e9rio \u00e9 visto como tolo.\u00a0O esperto e inteligente \u00e9 aquele colaborador que apresenta consecutivos atestados m\u00e9dicos, falta sem justificativa, passa horas de trabalho nas redes sociais, influencia com ensinamentos e conhecimentos superficiais, manipulando os colegas e\/ou trabalha em seu pr\u00f3prio benef\u00edcio. Logo, o espertalh\u00e3o parece ser o mais &#8220;bem-sucedido ou inteligente&#8221;, servindo de refer\u00eancia para os mais vulner\u00e1veis.<\/p>\n<p>Isso faz parecer que a \u00e9tica n\u00e3o tem valor.<\/p>\n\n\n\n<h2 class=\"wp-block-heading\">\u00c9tica \u00e9 um Bom Neg\u00f3cio<\/h2>\n\n\n\n<p>Dessa forma, para um olhar mais desatento, a \u00e9tica parece que entrou em desuso. <strong>Mas s\u00f3 parece.<\/strong> Na ess\u00eancia, queremos e valorizamos padr\u00f5es \u00e9ticos. Sem os quais, inclusive, nosso conv\u00edvio social seria insuport\u00e1vel.<\/p>\n\n\n\n<p>\u00c9tica vem do grego \u201cEthos\u201d, significa <a href=\"https:\/\/blog.isiinfinity.com.br\/as-forcas-das-virtudes-de-um-lider\/\">car\u00e1ter<\/a>. A filosofia aristot\u00e9lica a classifica como uma <strong>ci\u00eancia pr\u00e1tica<\/strong> e n\u00e3o somente como uma <strong>forma de pensar. <\/strong>Afinal<strong>, <\/strong>possui consequ\u00eancias na vida real.\u00a0<\/p>\n\n\n\n<p>Nesse sentido, <a href=\"https:\/\/en.wikipedia.org\/wiki\/Hazel_Barnes\" rel=\"nofollow noopener\" target=\"_blank\">Hazel Barnes<\/a> (1915-2008), fil\u00f3sofa americana, afirma que a \u00e9tica nasce do reconhecimento que nossas a\u00e7\u00f5es t\u00eam consequ\u00eancias.<\/p>\n<p>\u00c9 verdade que temos o livre arb\u00edtrio para fazer escolhas, segundo o escritos e PhD em comportamento organizacional, Frankin Covey no livro <strong>Os 7 h\u00e1bitos das pessoas altamente eficazes<\/strong>:\u00a0<\/p>\n<blockquote>\n<div style=\"text-align: center;\">Somos livres para escolher a resposta em qualquer situa\u00e7\u00e3o, mas, ao faz\u00ea-lo, escolhemos tamb\u00e9m as consequ\u00eancias. Quando pegamos uma vara por uma ponta, pegamos tamb\u00e9m a outra ponta.<\/div>\n<\/blockquote>\n<p>Portanto, <strong>nossos objetivos de longo prazo servem de freios para os impulsos e desejos moment\u00e2neos.\u00a0<\/strong><\/p>\n\n\n\n<blockquote>\n<p style=\"text-align: center;\">Acima de tudo, \u00e9tica \u00e9 uma autorregula\u00e7\u00e3o interior que modera nossas a\u00e7\u00f5es.<\/p>\n<\/blockquote>\n<p>Dessa forma, \u00e9 uma filosofia de vida. Sobretudo, \u00e9 uma <strong>escolha<\/strong> e uma <strong>responsabilidade pessoal que n\u00e3o podemos transferir para mais ningu\u00e9m.<\/strong><\/p>\n<p>De fato, todos os dias, podemos escolher se seremos eficientes e honestos ou indolentes e ardilosos. Por fim, <strong>a escolha \u00e9 nossa<\/strong>.<\/p>\n\n\n\n<p>Certamente, nesse mundo de ambiguidades, \u00e9tica \u00e9 um assunto dif\u00edcil no mundo dos neg\u00f3cio, <strong>mas deveria ser a ess\u00eancia de todos eles.\u00a0<\/strong>E sendo essa a sua sustenta\u00e7\u00e3o, <strong>os neg\u00f3cios anti\u00e9ticos n\u00e3o deveriam existir<\/strong>. Eles podem ter prest\u00edgio e resultados econ\u00f4micos por um per\u00edodo, mas n\u00e3o resistem ao teste do tempo ou n\u00e3o prosperam de forma genu\u00edna.<\/p>\n<p>Em s\u00edntese, a \u00e9tica \u00e9 uma ess\u00eancia social e os neg\u00f3cios que n\u00e3o a possuem, ao interagir com a sociedade, tendem a sucumbir ao longo do tempo pois n\u00e3o possuem sustenta\u00e7\u00e3o s\u00f3lida. <strong>Portanto, ser \u00e9tico \u00e9 um bom neg\u00f3cio.<\/strong><\/p>\n\n\n\n<blockquote class=\"wp-block-quote is-layout-flow wp-block-quote-is-layout-flow\">\n<p style=\"text-align: center;\">Entretanto, falar de \u00e9tica \u00e9 uma coisa, agir com \u00e9tica \u00e9 algo totalmente diferente.<\/p>\n<p style=\"text-align: center;\">Escolher ser \u00e9tico, al\u00e9m de ser um bom neg\u00f3cio, \u00e9 dar significado ao que fazemos todos os dias.<\/p>\n<\/blockquote>\n","protected":false},"excerpt":{"rendered":"<p>O conv\u00edvio em sociedade n\u00e3o \u00e9 algo simples. \u00c9 necess\u00e1rio seguir normas e regras, e acima de tudo, \u00e9 preciso reconhecer e aceitar que existem limites, n\u00e3o podemos simplesmente dizer e fazer o que nos v\u00eam a mente sem esperar pelas consequ\u00eancias. Assim, apesar de livres para escolher nossas a\u00e7\u00f5es, n\u00e3o somos livres para determinar [&hellip;]<\/p>\n","protected":false},"author":3,"featured_media":25758,"comment_status":"open","ping_status":"open","sticky":false,"template":"","format":"standard","meta":{"footnotes":""},"categories":[35,30,115,27],"tags":[493,494,244],"class_list":["post-25757","post","type-post","status-publish","format-standard","has-post-thumbnail","hentry","category-autorealizacao-e-sucesso","category-gestao-negocios-e-empreendedorismo","category-psicologia-positiva","category-trabalho-e-carreira","tag-empresa","tag-etica","tag-gestao-e-negocios"],"_links":{"self":[{"href":"https:\/\/isiinfinity.com.br\/artigos\/wp-json\/wp\/v2\/posts\/25757","targetHints":{"allow":["GET"]}}],"collection":[{"href":"https:\/\/isiinfinity.com.br\/artigos\/wp-json\/wp\/v2\/posts"}],"about":[{"href":"https:\/\/isiinfinity.com.br\/artigos\/wp-json\/wp\/v2\/types\/post"}],"author":[{"embeddable":true,"href":"https:\/\/isiinfinity.com.br\/artigos\/wp-json\/wp\/v2\/users\/3"}],"replies":[{"embeddable":true,"href":"https:\/\/isiinfinity.com.br\/artigos\/wp-json\/wp\/v2\/comments?post=25757"}],"version-history":[{"count":0,"href":"https:\/\/isiinfinity.com.br\/artigos\/wp-json\/wp\/v2\/posts\/25757\/revisions"}],"wp:featuredmedia":[{"embeddable":true,"href":"https:\/\/isiinfinity.com.br\/artigos\/wp-json\/wp\/v2\/media\/25758"}],"wp:attachment":[{"href":"https:\/\/isiinfinity.com.br\/artigos\/wp-json\/wp\/v2\/media?parent=25757"}],"wp:term":[{"taxonomy":"category","embeddable":true,"href":"https:\/\/isiinfinity.com.br\/artigos\/wp-json\/wp\/v2\/categories?post=25757"},{"taxonomy":"post_tag","embeddable":true,"href":"https:\/\/isiinfinity.com.br\/artigos\/wp-json\/wp\/v2\/tags?post=25757"}],"curies":[{"name":"wp","href":"https:\/\/api.w.org\/{rel}","templated":true}]}}