{"id":25898,"date":"2017-01-20T11:30:34","date_gmt":"2017-01-20T13:30:34","guid":{"rendered":"https:\/\/isiinfinity.com.br\/sombras-reconheca-e-trabalhe-com-elas\/"},"modified":"2026-02-04T10:00:56","modified_gmt":"2026-02-04T13:00:56","slug":"sombras-reconheca-e-trabalhe-com-elas","status":"publish","type":"post","link":"https:\/\/isiinfinity.com.br\/artigos\/sombras-reconheca-e-trabalhe-com-elas\/","title":{"rendered":"SOMBRAS: RECONHE\u00c7A E TRABALHE COM ELAS"},"content":{"rendered":"<p><strong><em>Sombras: reconhe\u00e7a seu lado escuro e trabalhe com ele.<\/em><\/strong><\/p>\n<p>Para evitar ser conduzido incoscientemente pelas pr\u00f3prias sombras, precisamos nos tornar conscientes de certos aspectos de n\u00f3s mesmos, trazendo-oss \u00e0 nossa consci\u00eancia.<\/p>\n<p>\u00c9 o que sobre isso que falamos em nosso artigo &#8220;<a href=\"https:\/\/isiinfinity.com.br\/artigos\/lado-sombra\/\">Lado Sombra, nosso aspecto indesej\u00e1vel.<\/a>&#8221;<\/p>\n<p>A quest\u00e3o n\u00e3o \u00e9 se temos sombras (todos temos) mas o grau de influ\u00eancia que elas exercem sobre nossos pensamentos, emo\u00e7\u00f5es e comportamentos. Por isso, reconhec\u00ea-las \u00e9 fundamental.<\/p>\n<h2>Reconhe\u00e7a suas Sombras<\/h2>\n<p>Em cada hist\u00f3ria, existe h\u00e1 um her\u00f3i e um antagonista.\u00a0 <strong>Na sua hist\u00f3ria de vida, voc\u00ea ocupa ambos os papeis. <\/strong>Portanto, \u00e9 importante compreender que temos a luz e a escurid\u00e3o habitando em n\u00f3s.<\/p>\n<p>Quanto mais evitamos reconhecer o lado sombra, pior nos sentimos. Cheg a um ponto em que j\u00e1 n\u00e3o \u00e9 poss\u00edvel mais ignor\u00e1-lo, nem mesmo diante de n\u00f3s mesmos.<\/p>\n<p>Com o tempo, especialmente \u00e0 medida que amadurecemos, o desejo de sermos aut\u00eantico cresce me n\u00f3s. J\u00e1 n\u00e3o queremos agir apenas por sobreviv\u00eancia ou adapta\u00e7\u00e3o, repetindo padr\u00f5es coletivos de efeito manada, t\u00e3o comuns na juventude.<\/p>\n<p>Por isso, olhara para esse aspecto da personalidade que preferir\u00edamos n\u00e3o reconhecer \u00e9 um passo necess\u00e1rio para o nosso desenvolvimento humano.<\/p>\n<blockquote>\n<p style=\"text-align: center;\">R<em>econhecer a sombra permite diminuir a interfer\u00eancia inconsciente, tornando-a menor perto do que n\u00f3s somos.\u00a0<\/em><\/p>\n<\/blockquote>\n<p>Podemos acolher as sombras e compreend\u00ea-las, n\u00e3o como aspectos desprez\u00edvel \u200b\u200bdo nosso ser, mas como partes indivis\u00edveis dele.<\/p>\n<p>Afinal, para nos protegermos das dores ps\u00edquicas quando \u00e9ramos crian\u00e7as, evocamos nossas sombras e elas foram \u00fateis. Como exemplo, uma cultura onde \u00e9 inaceit\u00e1vel que homens chorem, alimenta a sombra masculina de repress\u00e3o da manifesta\u00e7\u00e3o emocional. Logo, alimenta e faz crescer dentro da crian\u00e7a o machismo, o autoritarismo, e principalmente, que as emo\u00e7\u00f5es n\u00e3o podem ser manifestar, sendo isso um sinal de fraqueza.<\/p>\n<p>Esses conte\u00fados, quando n\u00e3o reconhecidos, nos acompanham desde ent\u00e3o, seja por meio de <strong>pensamentos negativos e\/ou ruminantes, <a href=\"https:\/\/blog.isiinfinity.com.br\/crencas-influenciam-sua-visao-de-mundo\/\">cren\u00e7as limitantes<\/a>, desejos reprimidos, comportamentos indesej\u00e1veis, autocr\u00edtica excessiva, autossabotagem, limita\u00e7\u00f5es autoimpostas e padr\u00f5es de comportamento que n\u00e3o reconhecemos totalmente.<\/strong><\/p>\n<p>Com aten\u00e7\u00e3o e disposi\u00e7\u00e3o , \u00e9 poss\u00edvel identific\u00e1-los e lidar com eles de forma mais consciente.<\/p>\n<h2>Trabalhe para Compreend\u00ea-las<\/h2>\n<p>Trabalhar com as sombras n\u00e3o significa elimin\u00e1-las totalmente, mas assumir a responsabilidade pelos aspectos que evitamos reconhecer. E depois, agir com equil\u00edbrio.<\/p>\n<p>Somente quando a reconhecemos \u00e9 que podemos fazer escolhas livres e conscientes na vida. Se por um lado n\u00e3o precisamos seguir reprimidos, por outro n\u00e3o precisamos agir como trens desgovernados.<\/p>\n<blockquote><p>Se continuar ignorando nossa pr\u00f3pria sombra, ela ser\u00e1 a condutora, fazendo com que nossos impulsos e sentimentos rejeitados continuem influenciando nossas decis\u00f5es, re\u00e7a\u00f5es e relacionamentos.<\/p><\/blockquote>\n<p>Entretanto, quando lidamos com ela de forma madura, parte da energia reprimida pode ser utilizada para o crescimento e o aprendizado.<\/p>\n<p>Esse processo envolve observar como determinados comportamentos se repetem, quais emo\u00e7\u00f5es surgem em situa\u00e7\u00f5es espec\u00edficas e de que maneira certos impulsos influenciam nossas atitudes.<\/p>\n<p>Sobretudo, tornar a nossa sombra mais clara n\u00e3o significa fixar nela e sim, trazer \u00e0 consci\u00eancia <strong>sentimentos, impulsos, necessidades e capacidades que foram reprimidos durante a vida.<\/strong><\/p>\n<p>Reconhecer a sombra \u00e9 uma parte inexor\u00e1vel do autoconhecimento. No entanto, o objetivo n\u00e3o \u00e9 viver em fun\u00e7\u00e3o dela, mas saber lidar com a sua presen\u00e7a.<\/p>\n<p>Para finalizar, a estrat\u00e9gia ideal para encarar a sua sombra, \u00e9 <strong>o compromisso di\u00e1rio com o desenvolvimento emocional<\/strong>. Ao prestar mais aten\u00e7\u00e3o \u00e0s pr\u00f3prias emo\u00e7\u00f5es, sentimentos e comportamentos, aumenta-se a capacidade de perceber quando sua sombra est\u00e1 atuand e assim, escolher respostas mais conscientes.<\/p>\n","protected":false},"excerpt":{"rendered":"<p>Sombras: reconhe\u00e7a seu lado escuro e trabalhe com ele. Para evitar ser conduzido incoscientemente pelas pr\u00f3prias sombras, precisamos nos tornar conscientes de certos aspectos de n\u00f3s mesmos, trazendo-oss \u00e0 nossa consci\u00eancia. \u00c9 o que sobre isso que falamos em nosso artigo &#8220;Lado Sombra, nosso aspecto indesej\u00e1vel.&#8221; A quest\u00e3o n\u00e3o \u00e9 se temos sombras (todos temos) [&hellip;]<\/p>\n","protected":false},"author":4,"featured_media":25899,"comment_status":"open","ping_status":"open","sticky":false,"template":"","format":"standard","meta":{"footnotes":""},"categories":[49,63,19,50,592],"tags":[200,202,203,204,205],"class_list":["post-25898","post","type-post","status-publish","format-standard","has-post-thumbnail","hentry","category-autoconhecimento","category-coaching-e-mentoring","category-comportamento","category-inteligencia-emocional","category-seguranca-psicologica","tag-carl-jung","tag-inconsciente","tag-jung","tag-lado-negro","tag-sombra"],"_links":{"self":[{"href":"https:\/\/isiinfinity.com.br\/artigos\/wp-json\/wp\/v2\/posts\/25898","targetHints":{"allow":["GET"]}}],"collection":[{"href":"https:\/\/isiinfinity.com.br\/artigos\/wp-json\/wp\/v2\/posts"}],"about":[{"href":"https:\/\/isiinfinity.com.br\/artigos\/wp-json\/wp\/v2\/types\/post"}],"author":[{"embeddable":true,"href":"https:\/\/isiinfinity.com.br\/artigos\/wp-json\/wp\/v2\/users\/4"}],"replies":[{"embeddable":true,"href":"https:\/\/isiinfinity.com.br\/artigos\/wp-json\/wp\/v2\/comments?post=25898"}],"version-history":[{"count":3,"href":"https:\/\/isiinfinity.com.br\/artigos\/wp-json\/wp\/v2\/posts\/25898\/revisions"}],"predecessor-version":[{"id":26932,"href":"https:\/\/isiinfinity.com.br\/artigos\/wp-json\/wp\/v2\/posts\/25898\/revisions\/26932"}],"wp:featuredmedia":[{"embeddable":true,"href":"https:\/\/isiinfinity.com.br\/artigos\/wp-json\/wp\/v2\/media\/25899"}],"wp:attachment":[{"href":"https:\/\/isiinfinity.com.br\/artigos\/wp-json\/wp\/v2\/media?parent=25898"}],"wp:term":[{"taxonomy":"category","embeddable":true,"href":"https:\/\/isiinfinity.com.br\/artigos\/wp-json\/wp\/v2\/categories?post=25898"},{"taxonomy":"post_tag","embeddable":true,"href":"https:\/\/isiinfinity.com.br\/artigos\/wp-json\/wp\/v2\/tags?post=25898"}],"curies":[{"name":"wp","href":"https:\/\/api.w.org\/{rel}","templated":true}]}}