{"id":25943,"date":"2023-06-25T14:27:34","date_gmt":"2023-06-25T17:27:34","guid":{"rendered":"https:\/\/isiinfinity.com.br\/autocompaixao-e-autoempatia-no-combate-ao-vies-retrospectivo\/"},"modified":"2026-04-28T14:59:24","modified_gmt":"2026-04-28T17:59:24","slug":"autocompaixao-e-autoempatia-no-combate-ao-vies-retrospectivo","status":"publish","type":"post","link":"https:\/\/isiinfinity.com.br\/artigos\/autocompaixao-e-autoempatia-no-combate-ao-vies-retrospectivo\/","title":{"rendered":"AUTOCOMPAIX\u00c3O E AUTOEMPATIA NO COMBATE AO VI\u00c9S RETROSPECTIVO"},"content":{"rendered":"<p><em><strong>A autocompaix\u00e3o e a autocompaix\u00e3o consigo mesmo desempenham um papel fundamental no combate ao vi\u00e9s retrospectivo. <\/strong><\/em><\/p>\n<p>O vi\u00e9s retrospectivo distorce nossa percep\u00e7\u00e3o e nos faz perder a compaix\u00e3o e empatia por n\u00f3s mesmos e pelos outros. Ao reconhecer seus efeitos, podemos cultivar uma abordagem mais compassiva em rela\u00e7\u00e3o \u00e0s nossas pr\u00f3prias a\u00e7\u00f5es e \u00e0s dos outros.<\/p>\n<h2>Vi\u00e9s Retrospectivo<\/h2>\n<p>O vi\u00e9s retrospectivo \u00e9 um fen\u00f4meno psicol\u00f3gico em que tendemos a perceber eventos passados como mais previs\u00edveis do que realmente eram, uma vez que j\u00e1 conhecemos o resultado.<\/p>\n<p>Isso traz uma distor\u00e7\u00e3o da nossa percep\u00e7\u00e3o, levando-nos a acreditar erroneamente que dever\u00edamos ter previsto ou sabido algo antes que acontecesse. Esse vi\u00e9s pode afetar nossa autopercep\u00e7\u00e3o e a forma como julgamos as a\u00e7\u00f5es dos outros.<\/p>\n<p>Na sequ\u00eancia est\u00e3o tr\u00eas exemplos de como o vi\u00e9s retrospectivo pode se manifestar:<\/p>\n<ol>\n<li><strong>&#8220;Eu devia saber disso&#8221;: <\/strong>Ap\u00f3s um evento ocorrer, podemos pensar que dever\u00edamos ter antecipado o resultado com base no conhecimento atual. Depois de redigir um contrato que parecia promissor e ter ind\u00edcios claros de que o cliente o fecharia, e no final ele n\u00e3o fechou, podemos nos pegar pensando: &#8220;Eu devia saber que ele n\u00e3o o assinaria&#8221;.<\/li>\n<li><strong>&#8220;Eu avisei&#8221;:<\/strong> Quando expressamos uma preocupa\u00e7\u00e3o ou previs\u00e3o sobre algo que pode acontecer e, posteriormente, esse evento se concretiza, podemos ter a tend\u00eancia de dizer: <strong>&#8220;Eu te falei!&#8221;<\/strong>. Esse sentimento de ter previsto corretamente pode nos levar a pensar que dever\u00edamos ter feito algo a respeito antes.<\/li>\n<li><strong>&#8220;Eu sabia&#8230;&#8221;:<\/strong> Ap\u00f3s uma situa\u00e7\u00e3o ou resultado ser conhecido, podemos retroativamente acreditar que j\u00e1 t\u00ednhamos consci\u00eancia disso. Por exemplo, se uma empresa declara fal\u00eancia, podemos pensar: &#8220;<strong>Eu sabia que eles estavam com problemas financeiros<\/strong>&#8220;.<\/li>\n<\/ol>\n<p>Esses exemplos ilustram como o vi\u00e9s retrospectivo pode nos fazer acreditar que dever\u00edamos ter conhecido ou previsto algo antes que acontecesse. Essa tend\u00eancia pode levar \u00e0 autocr\u00edtica, falta de compaix\u00e3o por n\u00f3s mesmos e a um julgamento negativo das a\u00e7\u00f5es dos outros.<\/p>\n<p>\u00c9 fundamental reconhecer que o vi\u00e9s retrospectivo \u00e9 uma armadilha cognitiva, pois nos leva a reinterpretar eventos passados com base no conhecimento atual. No entanto, \u00e9 imposs\u00edvel retroceder no tempo e ter conhecimento do que seriam os eventos no futuro.<\/p>\n<p>Costumamos orientar nossos mentorandos a n\u00e3o lamentar escolhas, decis\u00f5es e a\u00e7\u00f5es passadas, pois voltar ao passado \u00e9 imposs\u00edvel.<\/p>\n<blockquote><p>No entanto, podemos voltar com a nossa mente, reinterpretando o passado \u00e0 luz do que sabemos hoje, o que pode nos torturar infinitamente.<\/p><\/blockquote>\n<p>Portanto, reconhecer o vi\u00e9s retrospectivo nos ajuda a desenvolver empatia e compaix\u00e3o por n\u00f3s mesmos e pelos outros, compreendendo que as decis\u00f5es e a\u00e7\u00f5es s\u00e3o baseadas no conhecimento dispon\u00edvel no momento e sujeitas a circunst\u00e2ncias e limita\u00e7\u00f5es espec\u00edficas.<\/p>\n<p>Esse reconhecimento \u00e9 \u00fatil para cultivar a autoempatia por meio da autocompaix\u00e3o<\/p>\n<h2><strong>\u00a0Autocompaix\u00e3o e <\/strong><strong>Autoempatia<\/strong><\/h2>\n<p>Sem d\u00favida, a autoempatia ajuda a termos compaix\u00e3o de n\u00f3s mesmos.<\/p>\n<p>Compreendemos que somos seres humanos com limita\u00e7\u00f5es e que \u00e9 natural cometer erros ou n\u00e3o ter conhecimento pr\u00e9vio de certas situa\u00e7\u00f5es. Em vez de nos culpar ou nos julgar duramente, nos tratamos com gentileza e compreens\u00e3o, aceitando nossas falhas e aprendendo com elas.<\/p>\n<p>Da mesma forma, autoempatia ajuda a desenvolver uma perspectiva mais ampla em rela\u00e7\u00e3o aos outros. Reconhecemos que todos est\u00e3o sujeitos ao vi\u00e9s retrospectivo e que as a\u00e7\u00f5es passadas s\u00e3o influenciadas pelo conhecimento e circunst\u00e2ncias da \u00e9poca.<\/p>\n<blockquote><p>Em vez de julgar algu\u00e9m com base no que sabemos agora, nos esfor\u00e7amos para entender o contexto e as limita\u00e7\u00f5es que eles enfrentavam naquele momento.<\/p><\/blockquote>\n<p>Ao incorporar a empatia consigo mesmo e combater o vi\u00e9s retrospectivo, nos abrimos para a possibilidade de um autodesenvolvimento saud\u00e1vel. Podemos aprender com nossos erros sem nos afundar em culpa ou autodeprecia\u00e7\u00e3o.<\/p>\n<p>Al\u00e9m disso, ao praticar a empatia em rela\u00e7\u00e3o aos outros, promovemos uma cultura de compreens\u00e3o e aceita\u00e7\u00e3o m\u00fatua.<\/p>\n<blockquote><p>\u00c9 importante lembrar que a empatia consigo mesmo n\u00e3o \u00e9 uma desculpa para evitar responsabilidade ou evitar o aprendizado e crescimento pessoal.<\/p><\/blockquote>\n<p>Trata-se de reconhecer a humanidade em n\u00f3s mesmos e nos outros, permitindo-nos ser gentis e compassivos enquanto buscamos melhorar e evoluir.<\/p>\n<p>Portanto, ao enfrentar o <strong>vi\u00e9s retrospectivo, busque praticar a <a href=\"https:\/\/isiinfinity.com.br\/artigos\/empatia-uma-habilidade-fundamental\/\">empatia<\/a> consigo mesmo<\/strong>. Reconhe\u00e7a suas pr\u00f3prias limita\u00e7\u00f5es e aceite que nem sempre \u00e9 poss\u00edvel prever o futuro. Ao adotar uma abordagem compassiva em rela\u00e7\u00e3o a si mesmo e aos outros, voc\u00ea promover\u00e1 um ambiente de compreens\u00e3o e crescimento, onde todos t\u00eam a oportunidade de aprender e se desenvolver de maneira saud\u00e1vel.<\/p>\n","protected":false},"excerpt":{"rendered":"<p>A autocompaix\u00e3o e a autocompaix\u00e3o consigo mesmo desempenham um papel fundamental no combate ao vi\u00e9s retrospectivo. O vi\u00e9s retrospectivo distorce nossa percep\u00e7\u00e3o e nos faz perder a compaix\u00e3o e empatia por n\u00f3s mesmos e pelos outros. Ao reconhecer seus efeitos, podemos cultivar uma abordagem mais compassiva em rela\u00e7\u00e3o \u00e0s nossas pr\u00f3prias a\u00e7\u00f5es e \u00e0s dos [&hellip;]<\/p>\n","protected":false},"author":4,"featured_media":25944,"comment_status":"open","ping_status":"open","sticky":false,"template":"","format":"standard","meta":{"footnotes":""},"categories":[49,19,50,124,52,115],"tags":[578,579,268,580,581],"class_list":["post-25943","post","type-post","status-publish","format-standard","has-post-thumbnail","hentry","category-autoconhecimento","category-comportamento","category-inteligencia-emocional","category-inteligencia-positiva","category-psicologia","category-psicologia-positiva","tag-autocompaixao","tag-compaixao","tag-empatia","tag-vies","tag-vies-cognitivo"],"_links":{"self":[{"href":"https:\/\/isiinfinity.com.br\/artigos\/wp-json\/wp\/v2\/posts\/25943","targetHints":{"allow":["GET"]}}],"collection":[{"href":"https:\/\/isiinfinity.com.br\/artigos\/wp-json\/wp\/v2\/posts"}],"about":[{"href":"https:\/\/isiinfinity.com.br\/artigos\/wp-json\/wp\/v2\/types\/post"}],"author":[{"embeddable":true,"href":"https:\/\/isiinfinity.com.br\/artigos\/wp-json\/wp\/v2\/users\/4"}],"replies":[{"embeddable":true,"href":"https:\/\/isiinfinity.com.br\/artigos\/wp-json\/wp\/v2\/comments?post=25943"}],"version-history":[{"count":1,"href":"https:\/\/isiinfinity.com.br\/artigos\/wp-json\/wp\/v2\/posts\/25943\/revisions"}],"predecessor-version":[{"id":26987,"href":"https:\/\/isiinfinity.com.br\/artigos\/wp-json\/wp\/v2\/posts\/25943\/revisions\/26987"}],"wp:featuredmedia":[{"embeddable":true,"href":"https:\/\/isiinfinity.com.br\/artigos\/wp-json\/wp\/v2\/media\/25944"}],"wp:attachment":[{"href":"https:\/\/isiinfinity.com.br\/artigos\/wp-json\/wp\/v2\/media?parent=25943"}],"wp:term":[{"taxonomy":"category","embeddable":true,"href":"https:\/\/isiinfinity.com.br\/artigos\/wp-json\/wp\/v2\/categories?post=25943"},{"taxonomy":"post_tag","embeddable":true,"href":"https:\/\/isiinfinity.com.br\/artigos\/wp-json\/wp\/v2\/tags?post=25943"}],"curies":[{"name":"wp","href":"https:\/\/api.w.org\/{rel}","templated":true}]}}